{"id":8450,"date":"2026-01-28T11:20:08","date_gmt":"2026-01-28T10:20:08","guid":{"rendered":"https:\/\/berufsschule-der-handwerkskammer-luebeck.de\/?p=8450"},"modified":"2026-01-28T11:20:08","modified_gmt":"2026-01-28T10:20:08","slug":"besuch-der-berufsschule-fuer-augenoptiker-aus-angers-frankreich","status":"publish","type":"post","link":"https:\/\/berufsschule-der-handwerkskammer-luebeck.de\/index.php\/2026\/01\/28\/besuch-der-berufsschule-fuer-augenoptiker-aus-angers-frankreich\/","title":{"rendered":"Besuch der Berufsschule f\u00fcr Augenoptiker aus Angers, Frankreich"},"content":{"rendered":"<p>Im Dezember 2025 besuchte uns eine Gruppe von 20 Auszubildenden im Augenoptikerhandwerk und zwei Lehrkr\u00e4ften aus Angers. Die Gruppe verbrachte zwei Tage bei uns an der Schule und nahm gemeinsam mit unseren Auszubildenden im zweiten Ausbildungsjahr an Unterricht in den Bereichen Fachpraxis, Englisch und Kommunikation teil. Auch f\u00fcr gemeinsame Unternehmungen wie den Besuch der Ostseestation blieb Zeit.<\/p>\n<p>Zwei weitere Tage verbrachte die Gruppe in L\u00fcbeck und besuchte unter anderem das Hansemuseum und zwei augenoptische Betriebe, um sich einen \u00dcberblick \u00fcber den typischen betrieblichen Alltag in Augenoptikfachgesch\u00e4ften in Deutschland zu verschaffen. Highlight des Besuchs war zweifelsohne der Besuch einer augenoptischen Manufaktur, wo ein au\u00dfergew\u00f6hnlicher Einblick in die Arbeitsschritte vom Design einer Brillenfassung bis zum Musterbau gewonnen werden konnte.<\/p>\n<p>Der Besuch in L\u00fcbeck endete mit einem gemeinsamen Abendessen und der \u00dcberzeugung, schon bald einen Gegenbesuch in Frankreich m\u00f6glich zu machen und eine langfristige Partnerschaft mit gegenseitigem Austausch anzustreben.<\/p>\n","protected":false},"excerpt":{"rendered":"<p>Im Dezember 2025 besuchte uns eine Gruppe von 20 Auszubildenden im Augenoptikerhandwerk und zwei Lehrkr\u00e4ften aus Angers. Die Gruppe verbrachte zwei Tage bei uns an der Schule und nahm gemeinsam mit unseren Auszubildenden im zweiten Ausbildungsjahr an Unterricht in den Bereichen Fachpraxis, Englisch und Kommunikation teil. Auch f\u00fcr gemeinsame Unternehmungen wie den Besuch der Ostseestation [&hellip;]<\/p>\n","protected":false},"author":5,"featured_media":8451,"comment_status":"closed","ping_status":"closed","sticky":false,"template":"","format":"standard","meta":{"_et_pb_use_builder":"","_et_pb_old_content":"","_et_gb_content_width":"","footnotes":""},"categories":[20],"tags":[],"class_list":["post-8450","post","type-post","status-publish","format-standard","has-post-thumbnail","hentry","category-aktuelles-augenoptik"],"_links":{"self":[{"href":"https:\/\/berufsschule-der-handwerkskammer-luebeck.de\/index.php\/wp-json\/wp\/v2\/posts\/8450","targetHints":{"allow":["GET"]}}],"collection":[{"href":"https:\/\/berufsschule-der-handwerkskammer-luebeck.de\/index.php\/wp-json\/wp\/v2\/posts"}],"about":[{"href":"https:\/\/berufsschule-der-handwerkskammer-luebeck.de\/index.php\/wp-json\/wp\/v2\/types\/post"}],"author":[{"embeddable":true,"href":"https:\/\/berufsschule-der-handwerkskammer-luebeck.de\/index.php\/wp-json\/wp\/v2\/users\/5"}],"replies":[{"embeddable":true,"href":"https:\/\/berufsschule-der-handwerkskammer-luebeck.de\/index.php\/wp-json\/wp\/v2\/comments?post=8450"}],"version-history":[{"count":1,"href":"https:\/\/berufsschule-der-handwerkskammer-luebeck.de\/index.php\/wp-json\/wp\/v2\/posts\/8450\/revisions"}],"predecessor-version":[{"id":8452,"href":"https:\/\/berufsschule-der-handwerkskammer-luebeck.de\/index.php\/wp-json\/wp\/v2\/posts\/8450\/revisions\/8452"}],"wp:featuredmedia":[{"embeddable":true,"href":"https:\/\/berufsschule-der-handwerkskammer-luebeck.de\/index.php\/wp-json\/wp\/v2\/media\/8451"}],"wp:attachment":[{"href":"https:\/\/berufsschule-der-handwerkskammer-luebeck.de\/index.php\/wp-json\/wp\/v2\/media?parent=8450"}],"wp:term":[{"taxonomy":"category","embeddable":true,"href":"https:\/\/berufsschule-der-handwerkskammer-luebeck.de\/index.php\/wp-json\/wp\/v2\/categories?post=8450"},{"taxonomy":"post_tag","embeddable":true,"href":"https:\/\/berufsschule-der-handwerkskammer-luebeck.de\/index.php\/wp-json\/wp\/v2\/tags?post=8450"}],"curies":[{"name":"wp","href":"https:\/\/api.w.org\/{rel}","templated":true}]}}