{"id":8447,"date":"2026-01-28T11:15:49","date_gmt":"2026-01-28T10:15:49","guid":{"rendered":"https:\/\/berufsschule-der-handwerkskammer-luebeck.de\/?p=8447"},"modified":"2026-01-28T11:17:44","modified_gmt":"2026-01-28T10:17:44","slug":"gemeinsame-freisprechungsfeier-des-glaserhandwerks-schleswig-holstein-und-mecklenburg-vorpommern-2025","status":"publish","type":"post","link":"https:\/\/berufsschule-der-handwerkskammer-luebeck.de\/index.php\/2026\/01\/28\/gemeinsame-freisprechungsfeier-des-glaserhandwerks-schleswig-holstein-und-mecklenburg-vorpommern-2025\/","title":{"rendered":"Gemeinsame Freisprechungsfeier des Glaserhandwerks Schleswig-Holstein und Mecklenburg-Vorpommern 2025"},"content":{"rendered":"<p>Am 12. September 2025 wurden im Rahmen der traditionellen Freisprechungsfeier der Glaserinnung Schleswig-Holstein 16 Auszubildende des Glaser-Handwerks aus Schleswig-Holstein und Mecklenburg-Vorpommern in der Berufsbildungsst\u00e4tte Travem\u00fcnde in das Berufsleben entlassen.<\/p>\n<p>Der H\u00f6hepunkt der Feier war die Pr\u00e4mierung der besten Auszubildenden, die von Michael Schulze (Landesinnungsmeister Schleswig-Holstein) und Mike Apmann (Landesberufsschule f\u00fcr Glaser) vorgenommen wurde:<\/p>\n<p>F\u00fcr Schleswig-Holstein wurden geehrt:<\/p>\n<ol>\n<li>Landessiegerin: Jackie Vivien Beu (Betrieb: Glaserei Manske, lnh. Robin Burmeister, Bad Bramstedt)<\/li>\n<li>Landessiegerin: Celina Rabe (Betrieb: Glaserei Nowitzki, Ratekau)<\/li>\n<li>Landessieger: Tom Krecklow (Betrieb: Glas Danker, Neum\u00fcnster)<\/li>\n<\/ol>\n<p>F\u00fcr Mecklenburg-Vorpommern wurde geehrt:<\/p>\n<p>Landessieger: Conny Lucas Drews (Betrieb: Glaserei Peper, Trollenhagen)<\/p>\n<p>Foto: Carsten Bruhn, Kreishandwerkerschaft Mittelholstein<\/p>\n","protected":false},"excerpt":{"rendered":"<p>Am 12. September 2025 wurden im Rahmen der traditionellen Freisprechungsfeier der Glaserinnung Schleswig-Holstein 16 Auszubildende des Glaser-Handwerks aus Schleswig-Holstein und Mecklenburg-Vorpommern in der Berufsbildungsst\u00e4tte Travem\u00fcnde in das Berufsleben entlassen. Der H\u00f6hepunkt der Feier war die Pr\u00e4mierung der besten Auszubildenden, die von Michael Schulze (Landesinnungsmeister Schleswig-Holstein) und Mike Apmann (Landesberufsschule f\u00fcr Glaser) vorgenommen wurde: F\u00fcr Schleswig-Holstein [&hellip;]<\/p>\n","protected":false},"author":5,"featured_media":8448,"comment_status":"closed","ping_status":"closed","sticky":false,"template":"","format":"standard","meta":{"_et_pb_use_builder":"","_et_pb_old_content":"","_et_gb_content_width":"","footnotes":""},"categories":[21],"tags":[],"class_list":["post-8447","post","type-post","status-publish","format-standard","has-post-thumbnail","hentry","category-aktuelles-glaser"],"_links":{"self":[{"href":"https:\/\/berufsschule-der-handwerkskammer-luebeck.de\/index.php\/wp-json\/wp\/v2\/posts\/8447","targetHints":{"allow":["GET"]}}],"collection":[{"href":"https:\/\/berufsschule-der-handwerkskammer-luebeck.de\/index.php\/wp-json\/wp\/v2\/posts"}],"about":[{"href":"https:\/\/berufsschule-der-handwerkskammer-luebeck.de\/index.php\/wp-json\/wp\/v2\/types\/post"}],"author":[{"embeddable":true,"href":"https:\/\/berufsschule-der-handwerkskammer-luebeck.de\/index.php\/wp-json\/wp\/v2\/users\/5"}],"replies":[{"embeddable":true,"href":"https:\/\/berufsschule-der-handwerkskammer-luebeck.de\/index.php\/wp-json\/wp\/v2\/comments?post=8447"}],"version-history":[{"count":1,"href":"https:\/\/berufsschule-der-handwerkskammer-luebeck.de\/index.php\/wp-json\/wp\/v2\/posts\/8447\/revisions"}],"predecessor-version":[{"id":8449,"href":"https:\/\/berufsschule-der-handwerkskammer-luebeck.de\/index.php\/wp-json\/wp\/v2\/posts\/8447\/revisions\/8449"}],"wp:featuredmedia":[{"embeddable":true,"href":"https:\/\/berufsschule-der-handwerkskammer-luebeck.de\/index.php\/wp-json\/wp\/v2\/media\/8448"}],"wp:attachment":[{"href":"https:\/\/berufsschule-der-handwerkskammer-luebeck.de\/index.php\/wp-json\/wp\/v2\/media?parent=8447"}],"wp:term":[{"taxonomy":"category","embeddable":true,"href":"https:\/\/berufsschule-der-handwerkskammer-luebeck.de\/index.php\/wp-json\/wp\/v2\/categories?post=8447"},{"taxonomy":"post_tag","embeddable":true,"href":"https:\/\/berufsschule-der-handwerkskammer-luebeck.de\/index.php\/wp-json\/wp\/v2\/tags?post=8447"}],"curies":[{"name":"wp","href":"https:\/\/api.w.org\/{rel}","templated":true}]}}