{"id":8285,"date":"2025-09-16T12:37:10","date_gmt":"2025-09-16T10:37:10","guid":{"rendered":"https:\/\/berufsschule-der-handwerkskammer-luebeck.de\/?p=8285"},"modified":"2025-09-16T12:37:10","modified_gmt":"2025-09-16T10:37:10","slug":"freisprechungsfeier-der-landesinnung-der-augenoptiker-und-optometristen-2025","status":"publish","type":"post","link":"https:\/\/berufsschule-der-handwerkskammer-luebeck.de\/index.php\/2025\/09\/16\/freisprechungsfeier-der-landesinnung-der-augenoptiker-und-optometristen-2025\/","title":{"rendered":"Freisprechungsfeier der Landesinnung der Augenoptiker und Optometristen 2025"},"content":{"rendered":"<p>Am 26. Juli 2025 wurden im Rahmen der traditionellen Freisprechungsfeier der<br \/>\nLandesinnung der Augenoptiker und Optometristen in Schleswig-Holstein 50<br \/>\nAuszubildende des Augenoptiker-Handwerks aus Schleswig-Holstein im<br \/>\nHolstenhallen Congress Center Neum\u00fcnster in das Berufsleben entlassen.<\/p>\n<p>Der H\u00f6hepunkt der Feier war die Pr\u00e4mierung der besten Auszubildenden: Finn<br \/>\nLarsen (Fielmann AG &amp; Co. OHG, Bad Segeberg) wurde f\u00fcr das beste<br \/>\nGesamtergebnis der Pr\u00fcfung ausgezeichnet. Mit dem Preis der Firma Carl Zeiss<br \/>\nVision f\u00fcr die beste theoretische Pr\u00fcfungsleistung wurde Paula Isabell<br \/>\nDreier (Fielmann AG &amp; Co. OHG, Norderstedt) ausgezeichnet. Paula Isabell<br \/>\nDreier und Carolin Kiesow (Fielmann AG &amp; Co. OHG, Elmshorn) wurden f\u00fcr das<br \/>\nbeste Berufsschulzeugnis ausgezeichnet.<\/p>\n<p>Es war wieder eine tolle Veranstaltung, bis nach Mitternacht wurde der Start<br \/>\nin die Gesellenzeit ausgiebig gefeiert.<\/p>\n<p>&nbsp;<\/p>\n<p>&nbsp;<\/p>\n","protected":false},"excerpt":{"rendered":"<p>Am 26. Juli 2025 wurden im Rahmen der traditionellen Freisprechungsfeier der Landesinnung der Augenoptiker und Optometristen in Schleswig-Holstein 50 Auszubildende des Augenoptiker-Handwerks aus Schleswig-Holstein im Holstenhallen Congress Center Neum\u00fcnster in das Berufsleben entlassen. Der H\u00f6hepunkt der Feier war die Pr\u00e4mierung der besten Auszubildenden: Finn Larsen (Fielmann AG &amp; Co. OHG, Bad Segeberg) wurde f\u00fcr das [&hellip;]<\/p>\n","protected":false},"author":5,"featured_media":8289,"comment_status":"closed","ping_status":"closed","sticky":false,"template":"","format":"standard","meta":{"_et_pb_use_builder":"","_et_pb_old_content":"","_et_gb_content_width":"","footnotes":""},"categories":[20],"tags":[],"class_list":["post-8285","post","type-post","status-publish","format-standard","has-post-thumbnail","hentry","category-aktuelles-augenoptik"],"_links":{"self":[{"href":"https:\/\/berufsschule-der-handwerkskammer-luebeck.de\/index.php\/wp-json\/wp\/v2\/posts\/8285","targetHints":{"allow":["GET"]}}],"collection":[{"href":"https:\/\/berufsschule-der-handwerkskammer-luebeck.de\/index.php\/wp-json\/wp\/v2\/posts"}],"about":[{"href":"https:\/\/berufsschule-der-handwerkskammer-luebeck.de\/index.php\/wp-json\/wp\/v2\/types\/post"}],"author":[{"embeddable":true,"href":"https:\/\/berufsschule-der-handwerkskammer-luebeck.de\/index.php\/wp-json\/wp\/v2\/users\/5"}],"replies":[{"embeddable":true,"href":"https:\/\/berufsschule-der-handwerkskammer-luebeck.de\/index.php\/wp-json\/wp\/v2\/comments?post=8285"}],"version-history":[{"count":1,"href":"https:\/\/berufsschule-der-handwerkskammer-luebeck.de\/index.php\/wp-json\/wp\/v2\/posts\/8285\/revisions"}],"predecessor-version":[{"id":8290,"href":"https:\/\/berufsschule-der-handwerkskammer-luebeck.de\/index.php\/wp-json\/wp\/v2\/posts\/8285\/revisions\/8290"}],"wp:featuredmedia":[{"embeddable":true,"href":"https:\/\/berufsschule-der-handwerkskammer-luebeck.de\/index.php\/wp-json\/wp\/v2\/media\/8289"}],"wp:attachment":[{"href":"https:\/\/berufsschule-der-handwerkskammer-luebeck.de\/index.php\/wp-json\/wp\/v2\/media?parent=8285"}],"wp:term":[{"taxonomy":"category","embeddable":true,"href":"https:\/\/berufsschule-der-handwerkskammer-luebeck.de\/index.php\/wp-json\/wp\/v2\/categories?post=8285"},{"taxonomy":"post_tag","embeddable":true,"href":"https:\/\/berufsschule-der-handwerkskammer-luebeck.de\/index.php\/wp-json\/wp\/v2\/tags?post=8285"}],"curies":[{"name":"wp","href":"https:\/\/api.w.org\/{rel}","templated":true}]}}