{"id":8235,"date":"2025-07-31T12:21:13","date_gmt":"2025-07-31T10:21:13","guid":{"rendered":"https:\/\/berufsschule-der-handwerkskammer-luebeck.de\/?p=8235"},"modified":"2025-07-31T12:21:13","modified_gmt":"2025-07-31T10:21:13","slug":"ausbildung-und-befaehigungsnachweis-von-kranfuehrern","status":"publish","type":"post","link":"https:\/\/berufsschule-der-handwerkskammer-luebeck.de\/index.php\/2025\/07\/31\/ausbildung-und-befaehigungsnachweis-von-kranfuehrern\/","title":{"rendered":"Ausbildung und Bef\u00e4higungsnachweis von Kranf\u00fchrern"},"content":{"rendered":"<p><span style=\"font-family: 'Arial',sans-serif;\">Im Rahmen einer praxisorientierten Unterrichtseinheit wurde an der <b>Landesberufsschule f\u00fcr Bootsbauer<\/b> erstmals ein kompletter Jahrgang erfolgreich zum Erwerb des \u201e<strong>Kranscheins\u201c<\/strong> geschult. Ziel dieser Ma\u00dfnahme war es, den Sch\u00fclerinnen und Sch\u00fclern umfassende Kenntnisse im sicheren F\u00fchren von Krananlagen zu vermitteln \u2013 ein wichtiger Bestandteil moderner beruflicher Qualifikation im technischen und gewerblichen Bereich.<\/span><\/p>\n<p><span style=\"font-family: 'Arial',sans-serif;\">Die Schulung umfasste sowohl einen <strong><span style=\"font-family: 'Arial',sans-serif; font-weight: normal;\">theoretischen Teil<\/span><\/strong>, als auch eine <strong><span style=\"font-family: 'Arial',sans-serif; font-weight: normal;\">praktische Ausbildung<\/span><\/strong> an Krananlagen. Den Abschluss bildeten eine schriftliche Theoriepr\u00fcfung sowie eine praktische Leistungs\u00fcberpr\u00fcfung.<\/span><\/p>\n<p><span style=\"font-family: 'Arial',sans-serif;\">Alle teilnehmenden Sch\u00fclerinnen und Sch\u00fcler konnten die geforderten Inhalte erfolgreich nachweisen und erhielten im Anschluss den <strong><span style=\"font-family: 'Arial',sans-serif; font-weight: normal;\">Bef\u00e4higungsnachweis zum F\u00fchren von Krananlagen<\/span><\/strong> \u2013 den sogenannten <b>Kranschein<\/b>.<\/span><\/p>\n<p><span style=\"font-family: 'Arial',sans-serif;\">Die Schulleitung freut sich \u00fcber die hohe Motivation und den Lernerfolg des gesamten Jahrgangs und dankt sowohl den beteiligten Lehrkr\u00e4ften f\u00fcr die engagierte Durchf\u00fchrung dieser zukunftsorientierten Qualifizierungsma\u00dfnahme als auch dem <b>F\u00f6rderverein der Landesberufsschule f\u00fcr Bootsbauer<\/b> f\u00fcr die organisatorische Unterst\u00fctzung.<\/span><\/p>\n<p><img loading=\"lazy\" decoding=\"async\" class=\"aligncenter wp-image-8237 size-full\" src=\"https:\/\/berufsschule-der-handwerkskammer-luebeck.de\/wp-content\/uploads\/IMG_0255-1.jpg\" alt=\"\" width=\"756\" height=\"1008\" srcset=\"https:\/\/berufsschule-der-handwerkskammer-luebeck.de\/wp-content\/uploads\/IMG_0255-1.jpg 756w, https:\/\/berufsschule-der-handwerkskammer-luebeck.de\/wp-content\/uploads\/IMG_0255-1-480x640.jpg 480w\" sizes=\"(min-width: 0px) and (max-width: 480px) 480px, (min-width: 481px) 756px, 100vw\" \/><\/p>\n","protected":false},"excerpt":{"rendered":"<p>Im Rahmen einer praxisorientierten Unterrichtseinheit wurde an der Landesberufsschule f\u00fcr Bootsbauer erstmals ein kompletter Jahrgang erfolgreich zum Erwerb des \u201eKranscheins\u201c geschult. Ziel dieser Ma\u00dfnahme war es, den Sch\u00fclerinnen und Sch\u00fclern umfassende Kenntnisse im sicheren F\u00fchren von Krananlagen zu vermitteln \u2013 ein wichtiger Bestandteil moderner beruflicher Qualifikation im technischen und gewerblichen Bereich. Die Schulung umfasste sowohl [&hellip;]<\/p>\n","protected":false},"author":5,"featured_media":8238,"comment_status":"closed","ping_status":"closed","sticky":false,"template":"","format":"standard","meta":{"_et_pb_use_builder":"","_et_pb_old_content":"","_et_gb_content_width":"","footnotes":""},"categories":[19],"tags":[],"class_list":["post-8235","post","type-post","status-publish","format-standard","has-post-thumbnail","hentry","category-aktuelles-bootsbauer"],"_links":{"self":[{"href":"https:\/\/berufsschule-der-handwerkskammer-luebeck.de\/index.php\/wp-json\/wp\/v2\/posts\/8235","targetHints":{"allow":["GET"]}}],"collection":[{"href":"https:\/\/berufsschule-der-handwerkskammer-luebeck.de\/index.php\/wp-json\/wp\/v2\/posts"}],"about":[{"href":"https:\/\/berufsschule-der-handwerkskammer-luebeck.de\/index.php\/wp-json\/wp\/v2\/types\/post"}],"author":[{"embeddable":true,"href":"https:\/\/berufsschule-der-handwerkskammer-luebeck.de\/index.php\/wp-json\/wp\/v2\/users\/5"}],"replies":[{"embeddable":true,"href":"https:\/\/berufsschule-der-handwerkskammer-luebeck.de\/index.php\/wp-json\/wp\/v2\/comments?post=8235"}],"version-history":[{"count":0,"href":"https:\/\/berufsschule-der-handwerkskammer-luebeck.de\/index.php\/wp-json\/wp\/v2\/posts\/8235\/revisions"}],"wp:featuredmedia":[{"embeddable":true,"href":"https:\/\/berufsschule-der-handwerkskammer-luebeck.de\/index.php\/wp-json\/wp\/v2\/media\/8238"}],"wp:attachment":[{"href":"https:\/\/berufsschule-der-handwerkskammer-luebeck.de\/index.php\/wp-json\/wp\/v2\/media?parent=8235"}],"wp:term":[{"taxonomy":"category","embeddable":true,"href":"https:\/\/berufsschule-der-handwerkskammer-luebeck.de\/index.php\/wp-json\/wp\/v2\/categories?post=8235"},{"taxonomy":"post_tag","embeddable":true,"href":"https:\/\/berufsschule-der-handwerkskammer-luebeck.de\/index.php\/wp-json\/wp\/v2\/tags?post=8235"}],"curies":[{"name":"wp","href":"https:\/\/api.w.org\/{rel}","templated":true}]}}