{"id":7904,"date":"2024-10-11T10:48:30","date_gmt":"2024-10-11T08:48:30","guid":{"rendered":"https:\/\/berufsschule-der-handwerkskammer-luebeck.de\/?p=7904"},"modified":"2025-04-02T07:28:27","modified_gmt":"2025-04-02T05:28:27","slug":"kulturpass","status":"publish","type":"post","link":"https:\/\/berufsschule-der-handwerkskammer-luebeck.de\/index.php\/2024\/10\/11\/kulturpass\/","title":{"rendered":"Kulturpass"},"content":{"rendered":"<p>Liebe Auszubildende,<\/p>\n<p>kennen Sie schon den KulturPass? Der KulturPass ist eine Initiative der Beauftragten<br \/>\nder Bundesregierung f\u00fcr Kultur und Medien und ein Geburtstagsgeschenk f\u00fcr alle 18-<br \/>\nJ\u00e4hrigen, die in Deutschland wohnen, unabh\u00e4ngig von der Nationalit\u00e4t. <strong>In diesem Jahr<\/strong><br \/>\n<strong>k\u00f6nnen Jugendliche des Jahrgangs 2006 in der kostenlosen KulturPass-App ein<\/strong><br \/>\n<strong>virtuelles Budget von 100 Euro freischalten und f\u00fcr Kino-, Konzert-, Museums- und<\/strong><br \/>\n<strong>Theaterbesuche oder B\u00fccher und Musikinstrumente einsetzen.<\/strong> Seit dem Start im Juni<br \/>\n2023 nutzen bereits mehr als 400.000 18-J\u00e4hrige den KulturPass und k\u00f6nnen aus \u00fcber<br \/>\ndrei Millionen Kulturangeboten deutschlandweit ausw\u00e4hlen.<br \/>\nErmutigen Sie alle, die in diesem Jahr 18 Jahre alt werden oder<br \/>\ngeworden sind, den KulturPass auszuprobieren! Denn es ist nicht mehr viel Zeit: Die<br \/>\n2006 Geborenen k\u00f6nnen Ihre Budgets nur noch bis zum 31. Dezember 2024 mit ihrem<br \/>\nOnline-Ausweis oder \u00fcber das Online-Banking bei den Sparkassen freischalten. Nach<br \/>\nerfolgreicher Aktivierung kann das Budget bis Ende 2025 genutzt werden.<\/p>\n<p>Infomaterial zum Herunterladen erhalten Sie auf unserer Webseite unter<br \/>\n<a href=\"https:\/\/www.kulturpass.de\/jugendliche\/materialsammlung\" target=\"_blank\" rel=\"noopener\">www.kulturpass.de\/jugendliche\/materialsammlung<\/a> oder schreiben Sie uns unter<br \/>\n<a href=\"mailto:support@kulturpass.de\" target=\"_blank\" rel=\"noopener\">support@kulturpass.de<\/a>. Weitere Informationen finden Sie unter <a href=\"https:\/\/www.kulturpass.de\" target=\"_blank\" rel=\"noopener\">www.kulturpass.de<\/a>.<br \/>\nLassen Sie uns gemeinsam T\u00fcren \u00f6ffnen und kulturelle Teilhabe erm\u00f6glichen!<\/p>\n<p>Herzliche Gr\u00fc\u00dfe<br \/>\nIhr KulturPass-Team<\/p>\n","protected":false},"excerpt":{"rendered":"<p>Liebe Auszubildende, kennen Sie schon den KulturPass? Der KulturPass ist eine Initiative der Beauftragten der Bundesregierung f\u00fcr Kultur und Medien und ein Geburtstagsgeschenk f\u00fcr alle 18- J\u00e4hrigen, die in Deutschland wohnen, unabh\u00e4ngig von der Nationalit\u00e4t. In diesem Jahr k\u00f6nnen Jugendliche des Jahrgangs 2006 in der kostenlosen KulturPass-App ein virtuelles Budget von 100 Euro freischalten und [&hellip;]<\/p>\n","protected":false},"author":2,"featured_media":8100,"comment_status":"closed","ping_status":"closed","sticky":false,"template":"","format":"standard","meta":{"_et_pb_use_builder":"","_et_pb_old_content":"","_et_gb_content_width":"","footnotes":""},"categories":[20,19,21,22,23,24],"tags":[],"class_list":["post-7904","post","type-post","status-publish","format-standard","has-post-thumbnail","hentry","category-aktuelles-augenoptik","category-aktuelles-bootsbauer","category-aktuelles-glaser","category-aktuelles-kfz","category-aktuelles-orthopaedie","category-aktuelles-segelmacher"],"_links":{"self":[{"href":"https:\/\/berufsschule-der-handwerkskammer-luebeck.de\/index.php\/wp-json\/wp\/v2\/posts\/7904","targetHints":{"allow":["GET"]}}],"collection":[{"href":"https:\/\/berufsschule-der-handwerkskammer-luebeck.de\/index.php\/wp-json\/wp\/v2\/posts"}],"about":[{"href":"https:\/\/berufsschule-der-handwerkskammer-luebeck.de\/index.php\/wp-json\/wp\/v2\/types\/post"}],"author":[{"embeddable":true,"href":"https:\/\/berufsschule-der-handwerkskammer-luebeck.de\/index.php\/wp-json\/wp\/v2\/users\/2"}],"replies":[{"embeddable":true,"href":"https:\/\/berufsschule-der-handwerkskammer-luebeck.de\/index.php\/wp-json\/wp\/v2\/comments?post=7904"}],"version-history":[{"count":0,"href":"https:\/\/berufsschule-der-handwerkskammer-luebeck.de\/index.php\/wp-json\/wp\/v2\/posts\/7904\/revisions"}],"wp:featuredmedia":[{"embeddable":true,"href":"https:\/\/berufsschule-der-handwerkskammer-luebeck.de\/index.php\/wp-json\/wp\/v2\/media\/8100"}],"wp:attachment":[{"href":"https:\/\/berufsschule-der-handwerkskammer-luebeck.de\/index.php\/wp-json\/wp\/v2\/media?parent=7904"}],"wp:term":[{"taxonomy":"category","embeddable":true,"href":"https:\/\/berufsschule-der-handwerkskammer-luebeck.de\/index.php\/wp-json\/wp\/v2\/categories?post=7904"},{"taxonomy":"post_tag","embeddable":true,"href":"https:\/\/berufsschule-der-handwerkskammer-luebeck.de\/index.php\/wp-json\/wp\/v2\/tags?post=7904"}],"curies":[{"name":"wp","href":"https:\/\/api.w.org\/{rel}","templated":true}]}}