{"id":7790,"date":"2024-07-18T11:30:42","date_gmt":"2024-07-18T09:30:42","guid":{"rendered":"https:\/\/berufsschule-der-handwerkskammer-luebeck.de\/?p=7790"},"modified":"2024-07-18T11:43:54","modified_gmt":"2024-07-18T09:43:54","slug":"freisprechungsfeier-os-in-travemuende-2024","status":"publish","type":"post","link":"https:\/\/berufsschule-der-handwerkskammer-luebeck.de\/index.php\/2024\/07\/18\/freisprechungsfeier-os-in-travemuende-2024\/","title":{"rendered":"Freisprechungsfeier OS in Travem\u00fcnde 2024"},"content":{"rendered":"<p>Artikel zur Freisprechungsfeier. (Anklicken zum Vergr\u00f6\u00dfern)<\/p>\n<p><a href=\"https:\/\/berufsschule-der-handwerkskammer-luebeck.de\/wp-content\/uploads\/Freisprechung_OS_24.pdf\"><img loading=\"lazy\" decoding=\"async\" class=\"alignnone size-medium wp-image-7791\" src=\"https:\/\/berufsschule-der-handwerkskammer-luebeck.de\/wp-content\/uploads\/Freisprechung_OS_24-300x254.jpg\" alt=\"\" width=\"300\" height=\"254\" \/><\/a><\/p>\n<p><a href=\"https:\/\/berufsschule-der-handwerkskammer-luebeck.de\/wp-content\/uploads\/Freisprechung_OS_24.pdf\">download Artikel Freisprechung_OS_24<\/a><\/p>\n","protected":false},"excerpt":{"rendered":"<p>Artikel zur Freisprechungsfeier. (Anklicken zum Vergr\u00f6\u00dfern) download Artikel Freisprechung_OS_24<\/p>\n","protected":false},"author":3,"featured_media":7796,"comment_status":"closed","ping_status":"closed","sticky":false,"template":"","format":"standard","meta":{"_et_pb_use_builder":"","_et_pb_old_content":"","_et_gb_content_width":"","footnotes":""},"categories":[23],"tags":[],"class_list":["post-7790","post","type-post","status-publish","format-standard","has-post-thumbnail","hentry","category-aktuelles-orthopaedie"],"_links":{"self":[{"href":"https:\/\/berufsschule-der-handwerkskammer-luebeck.de\/index.php\/wp-json\/wp\/v2\/posts\/7790","targetHints":{"allow":["GET"]}}],"collection":[{"href":"https:\/\/berufsschule-der-handwerkskammer-luebeck.de\/index.php\/wp-json\/wp\/v2\/posts"}],"about":[{"href":"https:\/\/berufsschule-der-handwerkskammer-luebeck.de\/index.php\/wp-json\/wp\/v2\/types\/post"}],"author":[{"embeddable":true,"href":"https:\/\/berufsschule-der-handwerkskammer-luebeck.de\/index.php\/wp-json\/wp\/v2\/users\/3"}],"replies":[{"embeddable":true,"href":"https:\/\/berufsschule-der-handwerkskammer-luebeck.de\/index.php\/wp-json\/wp\/v2\/comments?post=7790"}],"version-history":[{"count":0,"href":"https:\/\/berufsschule-der-handwerkskammer-luebeck.de\/index.php\/wp-json\/wp\/v2\/posts\/7790\/revisions"}],"wp:featuredmedia":[{"embeddable":true,"href":"https:\/\/berufsschule-der-handwerkskammer-luebeck.de\/index.php\/wp-json\/wp\/v2\/media\/7796"}],"wp:attachment":[{"href":"https:\/\/berufsschule-der-handwerkskammer-luebeck.de\/index.php\/wp-json\/wp\/v2\/media?parent=7790"}],"wp:term":[{"taxonomy":"category","embeddable":true,"href":"https:\/\/berufsschule-der-handwerkskammer-luebeck.de\/index.php\/wp-json\/wp\/v2\/categories?post=7790"},{"taxonomy":"post_tag","embeddable":true,"href":"https:\/\/berufsschule-der-handwerkskammer-luebeck.de\/index.php\/wp-json\/wp\/v2\/tags?post=7790"}],"curies":[{"name":"wp","href":"https:\/\/api.w.org\/{rel}","templated":true}]}}