{"id":7776,"date":"2024-06-13T14:42:34","date_gmt":"2024-06-13T12:42:34","guid":{"rendered":"https:\/\/berufsschule-der-handwerkskammer-luebeck.de\/?p=7776"},"modified":"2024-06-13T14:42:34","modified_gmt":"2024-06-13T12:42:34","slug":"treffen-der-fachfrauen-orthopaedieschumacherinnen-und-massschuhmacherinnen","status":"publish","type":"post","link":"https:\/\/berufsschule-der-handwerkskammer-luebeck.de\/index.php\/2024\/06\/13\/treffen-der-fachfrauen-orthopaedieschumacherinnen-und-massschuhmacherinnen\/","title":{"rendered":"Treffen der Fachfrauen Orthop\u00e4dieschumacherinnen und Ma\u00dfschuhmacherinnen"},"content":{"rendered":"<p>Das diesj\u00e4hrige Praxiswochenende des Vereins der Fachfrauen Orthop\u00e4dieschumacherinnen und Ma\u00dfschuhmacherinnen fand in den Werkst\u00e4tten der Landesberufschule der Handwerkskammer L\u00fcbeck statt. In entspannter und produktiver Atmosph\u00e4re gab es einen regen, konstruktiven Austausch.<\/p>\n","protected":false},"excerpt":{"rendered":"<p>Das diesj\u00e4hrige Praxiswochenende des Vereins der Fachfrauen Orthop\u00e4dieschumacherinnen und Ma\u00dfschuhmacherinnen fand in den Werkst\u00e4tten der Landesberufschule der Handwerkskammer L\u00fcbeck statt. In entspannter und produktiver Atmosph\u00e4re gab es einen regen, konstruktiven Austausch.<\/p>\n","protected":false},"author":3,"featured_media":7777,"comment_status":"closed","ping_status":"closed","sticky":false,"template":"","format":"standard","meta":{"_et_pb_use_builder":"","_et_pb_old_content":"","_et_gb_content_width":"","footnotes":""},"categories":[23],"tags":[],"class_list":["post-7776","post","type-post","status-publish","format-standard","has-post-thumbnail","hentry","category-aktuelles-orthopaedie"],"_links":{"self":[{"href":"https:\/\/berufsschule-der-handwerkskammer-luebeck.de\/index.php\/wp-json\/wp\/v2\/posts\/7776","targetHints":{"allow":["GET"]}}],"collection":[{"href":"https:\/\/berufsschule-der-handwerkskammer-luebeck.de\/index.php\/wp-json\/wp\/v2\/posts"}],"about":[{"href":"https:\/\/berufsschule-der-handwerkskammer-luebeck.de\/index.php\/wp-json\/wp\/v2\/types\/post"}],"author":[{"embeddable":true,"href":"https:\/\/berufsschule-der-handwerkskammer-luebeck.de\/index.php\/wp-json\/wp\/v2\/users\/3"}],"replies":[{"embeddable":true,"href":"https:\/\/berufsschule-der-handwerkskammer-luebeck.de\/index.php\/wp-json\/wp\/v2\/comments?post=7776"}],"version-history":[{"count":0,"href":"https:\/\/berufsschule-der-handwerkskammer-luebeck.de\/index.php\/wp-json\/wp\/v2\/posts\/7776\/revisions"}],"wp:featuredmedia":[{"embeddable":true,"href":"https:\/\/berufsschule-der-handwerkskammer-luebeck.de\/index.php\/wp-json\/wp\/v2\/media\/7777"}],"wp:attachment":[{"href":"https:\/\/berufsschule-der-handwerkskammer-luebeck.de\/index.php\/wp-json\/wp\/v2\/media?parent=7776"}],"wp:term":[{"taxonomy":"category","embeddable":true,"href":"https:\/\/berufsschule-der-handwerkskammer-luebeck.de\/index.php\/wp-json\/wp\/v2\/categories?post=7776"},{"taxonomy":"post_tag","embeddable":true,"href":"https:\/\/berufsschule-der-handwerkskammer-luebeck.de\/index.php\/wp-json\/wp\/v2\/tags?post=7776"}],"curies":[{"name":"wp","href":"https:\/\/api.w.org\/{rel}","templated":true}]}}