{"id":7570,"date":"2024-02-02T11:21:38","date_gmt":"2024-02-02T10:21:38","guid":{"rendered":"https:\/\/berufsschule-der-handwerkskammer-luebeck.de\/?p=7570"},"modified":"2024-02-02T11:46:06","modified_gmt":"2024-02-02T10:46:06","slug":"freisprechungsfeier-der-kfz-mechatroniker-in-km20-1-auf-dem-priwall","status":"publish","type":"post","link":"https:\/\/berufsschule-der-handwerkskammer-luebeck.de\/index.php\/2024\/02\/02\/freisprechungsfeier-der-kfz-mechatroniker-in-km20-1-auf-dem-priwall\/","title":{"rendered":"Freisprechungsfeier der KFZ-Mechatroniker\/-in Km20.1 auf dem Priwall"},"content":{"rendered":"<p>[et_pb_section fb_built=&#8220;1&#8243; _builder_version=&#8220;4.16&#8243; global_colors_info=&#8220;{}&#8220;][et_pb_row _builder_version=&#8220;4.16&#8243; background_size=&#8220;initial&#8220; background_position=&#8220;top_left&#8220; background_repeat=&#8220;repeat&#8220; global_colors_info=&#8220;{}&#8220;][et_pb_column type=&#8220;4_4&#8243; _builder_version=&#8220;4.16&#8243; custom_padding=&#8220;|||&#8220; global_colors_info=&#8220;{}&#8220; custom_padding__hover=&#8220;|||&#8220;][et_pb_text _builder_version=&#8220;4.16&#8243; background_size=&#8220;initial&#8220; background_position=&#8220;top_left&#8220; background_repeat=&#8220;repeat&#8220; global_colors_info=&#8220;{}&#8220;]Am Samstag, dem 27.01.2024, fand direkt im Anschluss an die praktische Gesellenpr\u00fcfung Teil II die Freisprechung der erfolgreichen Pr\u00fcflinge im Saal III der Berufsbildungsst\u00e4tte Travem\u00fcnde statt.<\/p>\n<p>Herr Baer, Leiter der Berufsbildungsst\u00e4tte auf dem Priwall, begr\u00fc\u00dfte als erster Redner die G\u00e4ste der Veranstaltung und wies in seiner Rede auf die aktuellen Entwicklungen des Berufsstandes hin.<\/p>\n<p>Als n\u00e4chster Redner folgte Herr Blau, Schulleiter der Berufsschule der HWK L\u00fcbeck. Er begl\u00fcckw\u00fcnschte die neue Jung-Gesellin und die neuen Jung-Gesellen zum erfolgreichen Abschluss der Pr\u00fcfung und warb f\u00fcr das Nutzen der zuk\u00fcnftigen M\u00f6glichkeiten im Kfz-Handwerk.<\/p>\n<p>Dem schloss sich auch der Obermeister und Bildungsausschussvorsitzende SH, Herr Bigga an. Er machte noch einmal deutlich, dass der Kfz-Mechatroniker bundesweit weiterhin der beliebteste Ausbildungsberuf mit \u00fcber 23.000 Anmeldungen im letzten Jahr war und ist.<br \/>\nEr warb daf\u00fcr, sich im Handwerk zu engagieren; in den Gremien und Ehren\u00e4mtern, um den Fortbestand des Gewerkes auch in Zukunft zu sichern und zu st\u00e4rken.<\/p>\n<p>Im Anschluss folgte die \u00dcberreichung der Schulzeugnisse durch Herrn David, den Klassenlehrer und der Gesellenbriefe durch Herrn Giese, den Pr\u00fcfungsausschussvorsitzenden. Dieser sprach die Auszubildenden dann auch nach alter Tradition frei und hie\u00df sie willkommen im Stand der Gesellen.<\/p>\n<p>Zum Ende wurden traditionell die Besten der schulischen und praktischen Leistungen mit Pr\u00e4senten geehrt.<\/p>\n<p>Das Highlight der Feierlichkeit bildete die Rede der Klassenkoordinatorin, Frau Krieger, die den Dank der Klasse Km20.1 gegen\u00fcber allen an der Ausbildung Beteiligten zum Ausdruck brachte. Dabei agierte sie sowohl humorvoll, als auch rhetorisch gewandt, was am Ende mit Jubel und Applaus honoriert wurde.<\/p>\n<p>Die Feier klang bei Kaffee, Kuchen und Sekt in fr\u00f6hlicher Runde aus.<br \/>\n[\/et_pb_text][et_pb_gallery _builder_version=&#8220;4.23.1&#8243; _module_preset=&#8220;default&#8220; gallery_ids=&#8220;7576,7577,7578,7579,7580,7581,7582,7583,7584,7585,7586,7587,7588,7589,7590,7591,7592,7593,7594,7595,7596,7597,7598,7599,7600,7601,7602,7603,7604,7605,7606,7607&#8243; hover_enabled=&#8220;0&#8243; sticky_enabled=&#8220;0&#8243;][\/et_pb_gallery][\/et_pb_column][\/et_pb_row][\/et_pb_section]<\/p>\n","protected":false},"excerpt":{"rendered":"<p>Am Samstag, dem 27.01.2024, fand direkt im Anschluss an die praktische Gesellenpr\u00fcfung Teil II die Freisprechung der erfolgreichen Pr\u00fcflinge im Saal III der Berufsbildungsst\u00e4tte Travem\u00fcnde statt. Herr Baer, Leiter der Berufsbildungsst\u00e4tte auf dem Priwall, begr\u00fc\u00dfte als erster Redner die G\u00e4ste der Veranstaltung und wies in seiner Rede auf die aktuellen Entwicklungen des Berufsstandes hin. Als [&hellip;]<\/p>\n","protected":false},"author":3,"featured_media":7571,"comment_status":"closed","ping_status":"closed","sticky":false,"template":"","format":"standard","meta":{"_et_pb_use_builder":"on","_et_pb_old_content":"<p>Am Samstag, dem 27.01.2024, fand direkt im Anschluss an die praktische Gesellenpr\u00fcfung Teil II die Freisprechung der erfolgreichen Pr\u00fcflinge im Saal III der Berufsbildungsst\u00e4tte Travem\u00fcnde statt.<\/p><p>Herr Baer, Leiter der Berufsbildungsst\u00e4tte auf dem Priwall, begr\u00fc\u00dfte als erster Redner die G\u00e4ste der Veranstaltung und wies in seiner Rede auf die aktuellen Entwicklungen des Berufsstandes hin.<\/p><p>Als n\u00e4chster Redner folgte Herr Blau, Schulleiter der Berufsschule der HWK L\u00fcbeck. Er begl\u00fcckw\u00fcnschte die neue Jung-Gesellin und die neuen Jung-Gesellen zum erfolgreichen Abschluss der Pr\u00fcfung und warb f\u00fcr das Nutzen der zuk\u00fcnftigen M\u00f6glichkeiten im Kfz-Handwerk.<\/p><p>Dem schloss sich auch der Obermeister und Bildungsausschussvorsitzende SH, Herr Bigga an. Er machte noch einmal deutlich, dass der Kfz-Mechatroniker bundesweit weiterhin der beliebteste Ausbildungsberuf mit \u00fcber 23.000 Anmeldungen im letzten Jahr war und ist.<br \/>Er warb daf\u00fcr, sich im Handwerk zu engagieren; in den Gremien und Ehren\u00e4mtern, um den Fortbestand des Gewerkes auch in Zukunft zu sichern und zu st\u00e4rken.<\/p><p>Im Anschluss folgte die \u00dcberreichung der Schulzeugnisse durch Herrn David, den Klassenlehrer und der Gesellenbriefe durch Herrn Giese, den Pr\u00fcfungsausschussvorsitzenden. Dieser sprach die Auszubildenden dann auch nach alter Tradition frei und hie\u00df sie willkommen im Stand der Gesellen.<\/p><p>Zum Ende wurden traditionell die Besten der schulischen und praktischen Leistungen mit Pr\u00e4senten geehrt.<\/p><p>Das Highlight der Feierlichkeit bildete die Rede der Klassenkoordinatorin, Frau Krieger, die den Dank der Klasse Km20.1 gegen\u00fcber allen an der Ausbildung Beteiligten zum Ausdruck brachte. Dabei agierte sie sowohl humorvoll, als auch rhetorisch gewandt, was am Ende mit Jubel und Applaus honoriert wurde.<\/p><p>Die Feier klang bei Kaffee, Kuchen und Sekt in fr\u00f6hlicher Runde aus.<\/p>","_et_gb_content_width":"","footnotes":""},"categories":[22],"tags":[],"class_list":["post-7570","post","type-post","status-publish","format-standard","has-post-thumbnail","hentry","category-aktuelles-kfz"],"_links":{"self":[{"href":"https:\/\/berufsschule-der-handwerkskammer-luebeck.de\/index.php\/wp-json\/wp\/v2\/posts\/7570","targetHints":{"allow":["GET"]}}],"collection":[{"href":"https:\/\/berufsschule-der-handwerkskammer-luebeck.de\/index.php\/wp-json\/wp\/v2\/posts"}],"about":[{"href":"https:\/\/berufsschule-der-handwerkskammer-luebeck.de\/index.php\/wp-json\/wp\/v2\/types\/post"}],"author":[{"embeddable":true,"href":"https:\/\/berufsschule-der-handwerkskammer-luebeck.de\/index.php\/wp-json\/wp\/v2\/users\/3"}],"replies":[{"embeddable":true,"href":"https:\/\/berufsschule-der-handwerkskammer-luebeck.de\/index.php\/wp-json\/wp\/v2\/comments?post=7570"}],"version-history":[{"count":0,"href":"https:\/\/berufsschule-der-handwerkskammer-luebeck.de\/index.php\/wp-json\/wp\/v2\/posts\/7570\/revisions"}],"wp:featuredmedia":[{"embeddable":true,"href":"https:\/\/berufsschule-der-handwerkskammer-luebeck.de\/index.php\/wp-json\/wp\/v2\/media\/7571"}],"wp:attachment":[{"href":"https:\/\/berufsschule-der-handwerkskammer-luebeck.de\/index.php\/wp-json\/wp\/v2\/media?parent=7570"}],"wp:term":[{"taxonomy":"category","embeddable":true,"href":"https:\/\/berufsschule-der-handwerkskammer-luebeck.de\/index.php\/wp-json\/wp\/v2\/categories?post=7570"},{"taxonomy":"post_tag","embeddable":true,"href":"https:\/\/berufsschule-der-handwerkskammer-luebeck.de\/index.php\/wp-json\/wp\/v2\/tags?post=7570"}],"curies":[{"name":"wp","href":"https:\/\/api.w.org\/{rel}","templated":true}]}}