{"id":7423,"date":"2023-10-17T08:45:27","date_gmt":"2023-10-17T06:45:27","guid":{"rendered":"https:\/\/berufsschule-der-handwerkskammer-luebeck.de\/?p=7423"},"modified":"2023-10-17T08:45:27","modified_gmt":"2023-10-17T06:45:27","slug":"freisprechungsfeier-der-glaserazubis-in-travemuende","status":"publish","type":"post","link":"https:\/\/berufsschule-der-handwerkskammer-luebeck.de\/index.php\/2023\/10\/17\/freisprechungsfeier-der-glaserazubis-in-travemuende\/","title":{"rendered":"Freisprechungsfeier der Glaserazubis in Travem\u00fcnde"},"content":{"rendered":"<p>Am 1. September 2023 wurden im Rahmen der traditionellen Freisprechungsfeier der Glaserinnung Schleswig-Holstein 16 Auszubildende des Glaser-Handwerks aus Schleswig-Holstein und Mecklenburg-Vorpommern in der Berufsbildungsst\u00e4tte Travem\u00fcnde in das Berufsleben entlassen.<\/p>\n<p>Der H\u00f6hepunkt der Feier war die Pr\u00e4mierung der besten Auszubildenden, die von Michael Schulze (Landesinnungsmeister Schleswig-Holstein), Thilo Koch (Landesinnungsmeister Mecklenburg-Vorpommern) und Mike Apmann (Landesberufsschule f\u00fcr Glaser) vorgenommen wurde:<\/p>\n<p>Mick Fisch (Ahrensburger Glasbau) wurde f\u00fcr das beste Gesamtergebnis der Pr\u00fcfung ausgezeichnet, Jeremy Wolter-Pecksen (Glasbau Schwarz, Kiel) f\u00fcr die beste praktische Pr\u00fcfung, Philipp Rabach (Glas Kausch, Greifswald) f\u00fcr das beste Gesellenst\u00fcck und Lukas Behn (Glaserei Thomas Schulz, Schwarzenbeck) f\u00fcr das beste Berufsschulzeugnis.<\/p>\n","protected":false},"excerpt":{"rendered":"<p>Am 1. September 2023 wurden im Rahmen der traditionellen Freisprechungsfeier der Glaserinnung Schleswig-Holstein 16 Auszubildende des Glaser-Handwerks aus Schleswig-Holstein und Mecklenburg-Vorpommern in der Berufsbildungsst\u00e4tte Travem\u00fcnde in das Berufsleben entlassen. Der H\u00f6hepunkt der Feier war die Pr\u00e4mierung der besten Auszubildenden, die von Michael Schulze (Landesinnungsmeister Schleswig-Holstein), Thilo Koch (Landesinnungsmeister Mecklenburg-Vorpommern) und Mike Apmann (Landesberufsschule f\u00fcr Glaser) [&hellip;]<\/p>\n","protected":false},"author":3,"featured_media":7424,"comment_status":"closed","ping_status":"closed","sticky":false,"template":"","format":"standard","meta":{"_et_pb_use_builder":"","_et_pb_old_content":"","_et_gb_content_width":"","footnotes":""},"categories":[21],"tags":[],"class_list":["post-7423","post","type-post","status-publish","format-standard","has-post-thumbnail","hentry","category-aktuelles-glaser"],"_links":{"self":[{"href":"https:\/\/berufsschule-der-handwerkskammer-luebeck.de\/index.php\/wp-json\/wp\/v2\/posts\/7423","targetHints":{"allow":["GET"]}}],"collection":[{"href":"https:\/\/berufsschule-der-handwerkskammer-luebeck.de\/index.php\/wp-json\/wp\/v2\/posts"}],"about":[{"href":"https:\/\/berufsschule-der-handwerkskammer-luebeck.de\/index.php\/wp-json\/wp\/v2\/types\/post"}],"author":[{"embeddable":true,"href":"https:\/\/berufsschule-der-handwerkskammer-luebeck.de\/index.php\/wp-json\/wp\/v2\/users\/3"}],"replies":[{"embeddable":true,"href":"https:\/\/berufsschule-der-handwerkskammer-luebeck.de\/index.php\/wp-json\/wp\/v2\/comments?post=7423"}],"version-history":[{"count":0,"href":"https:\/\/berufsschule-der-handwerkskammer-luebeck.de\/index.php\/wp-json\/wp\/v2\/posts\/7423\/revisions"}],"wp:featuredmedia":[{"embeddable":true,"href":"https:\/\/berufsschule-der-handwerkskammer-luebeck.de\/index.php\/wp-json\/wp\/v2\/media\/7424"}],"wp:attachment":[{"href":"https:\/\/berufsschule-der-handwerkskammer-luebeck.de\/index.php\/wp-json\/wp\/v2\/media?parent=7423"}],"wp:term":[{"taxonomy":"category","embeddable":true,"href":"https:\/\/berufsschule-der-handwerkskammer-luebeck.de\/index.php\/wp-json\/wp\/v2\/categories?post=7423"},{"taxonomy":"post_tag","embeddable":true,"href":"https:\/\/berufsschule-der-handwerkskammer-luebeck.de\/index.php\/wp-json\/wp\/v2\/tags?post=7423"}],"curies":[{"name":"wp","href":"https:\/\/api.w.org\/{rel}","templated":true}]}}