{"id":7348,"date":"2023-09-13T09:54:05","date_gmt":"2023-09-13T07:54:05","guid":{"rendered":"https:\/\/berufsschule-der-handwerkskammer-luebeck.de\/?p=7348"},"modified":"2023-09-13T09:54:05","modified_gmt":"2023-09-13T07:54:05","slug":"freisprechungsfeier-der-augenoptikerazubis-in-neumuenster","status":"publish","type":"post","link":"https:\/\/berufsschule-der-handwerkskammer-luebeck.de\/index.php\/2023\/09\/13\/freisprechungsfeier-der-augenoptikerazubis-in-neumuenster\/","title":{"rendered":"Freisprechungsfeier der Augenoptikerazubis in Neum\u00fcnster"},"content":{"rendered":"<p>Am 15. Juli 2023 wurden im Rahmen der traditionellen Freisprechungsfeier der Landesinnung der Augenoptiker und Optometristen in Schleswig-Holstein 70 Auszubildende des Augenoptiker-Handwerks aus Schleswig-Holstein im Holstenhallen Congress Center Neum\u00fcnster in das Berufsleben entlassen.<\/p>\n<p>Der H\u00f6hepunkt der Feier war die Pr\u00e4mierung der besten Auszubildenden: Niklas K\u00fchl (Fielmann AG &amp; Co. OHG, Kiel) wurde f\u00fcr das beste Gesamtergebnis der Pr\u00fcfung ausgezeichnet, Viktoria Milczak (Optiker R\u00fcdel, Oldenburg) f\u00fcr die beste theoretische Pr\u00fcfung und R\u00fcdiger Schulz (Fielmann AG &amp; Co. OHG, Kiel) f\u00fcr das beste Berufsschulzeugnis.<\/p>\n<p>Es war eine gro\u00dfartige Veranstaltung, bis nach Mitternacht wurde das Ende des Auszubildenden-Daseins gefeiert.<\/p>\n<p>Foto: Landesinnung der Augenoptiker und Optometristen in SH \/ Kurt Hempfe<\/p>\n","protected":false},"excerpt":{"rendered":"<p>Am 15. Juli 2023 wurden im Rahmen der traditionellen Freisprechungsfeier der Landesinnung der Augenoptiker und Optometristen in Schleswig-Holstein 70 Auszubildende des Augenoptiker-Handwerks aus Schleswig-Holstein im Holstenhallen Congress Center Neum\u00fcnster in das Berufsleben entlassen. Der H\u00f6hepunkt der Feier war die Pr\u00e4mierung der besten Auszubildenden: Niklas K\u00fchl (Fielmann AG &amp; Co. OHG, Kiel) wurde f\u00fcr das beste [&hellip;]<\/p>\n","protected":false},"author":3,"featured_media":7349,"comment_status":"closed","ping_status":"closed","sticky":false,"template":"","format":"standard","meta":{"_et_pb_use_builder":"","_et_pb_old_content":"","_et_gb_content_width":"","footnotes":""},"categories":[20],"tags":[],"class_list":["post-7348","post","type-post","status-publish","format-standard","has-post-thumbnail","hentry","category-aktuelles-augenoptik"],"_links":{"self":[{"href":"https:\/\/berufsschule-der-handwerkskammer-luebeck.de\/index.php\/wp-json\/wp\/v2\/posts\/7348","targetHints":{"allow":["GET"]}}],"collection":[{"href":"https:\/\/berufsschule-der-handwerkskammer-luebeck.de\/index.php\/wp-json\/wp\/v2\/posts"}],"about":[{"href":"https:\/\/berufsschule-der-handwerkskammer-luebeck.de\/index.php\/wp-json\/wp\/v2\/types\/post"}],"author":[{"embeddable":true,"href":"https:\/\/berufsschule-der-handwerkskammer-luebeck.de\/index.php\/wp-json\/wp\/v2\/users\/3"}],"replies":[{"embeddable":true,"href":"https:\/\/berufsschule-der-handwerkskammer-luebeck.de\/index.php\/wp-json\/wp\/v2\/comments?post=7348"}],"version-history":[{"count":0,"href":"https:\/\/berufsschule-der-handwerkskammer-luebeck.de\/index.php\/wp-json\/wp\/v2\/posts\/7348\/revisions"}],"wp:featuredmedia":[{"embeddable":true,"href":"https:\/\/berufsschule-der-handwerkskammer-luebeck.de\/index.php\/wp-json\/wp\/v2\/media\/7349"}],"wp:attachment":[{"href":"https:\/\/berufsschule-der-handwerkskammer-luebeck.de\/index.php\/wp-json\/wp\/v2\/media?parent=7348"}],"wp:term":[{"taxonomy":"category","embeddable":true,"href":"https:\/\/berufsschule-der-handwerkskammer-luebeck.de\/index.php\/wp-json\/wp\/v2\/categories?post=7348"},{"taxonomy":"post_tag","embeddable":true,"href":"https:\/\/berufsschule-der-handwerkskammer-luebeck.de\/index.php\/wp-json\/wp\/v2\/tags?post=7348"}],"curies":[{"name":"wp","href":"https:\/\/api.w.org\/{rel}","templated":true}]}}