{"id":3468,"date":"2019-09-20T14:27:13","date_gmt":"2019-09-20T12:27:13","guid":{"rendered":"https:\/\/berufsschule-der-handwerkskammer-luebeck.de\/?p=3468"},"modified":"2019-09-20T14:27:13","modified_gmt":"2019-09-20T12:27:13","slug":"muellsammelaktion-auf-dem-priwall","status":"publish","type":"post","link":"https:\/\/berufsschule-der-handwerkskammer-luebeck.de\/index.php\/2019\/09\/20\/muellsammelaktion-auf-dem-priwall\/","title":{"rendered":"M\u00fcllsammelaktion auf dem Priwall"},"content":{"rendered":"<h3><strong>Sch\u00fcler erteilen dem M\u00fcll eine Abfuhr<\/strong><\/h3>\n<p>Aktion der Berufsschule der Handwerkskammer L\u00fcbeck auf dem Priwall<\/p>\n<p>Travem\u00fcnde. Flaschen, Dosen, Plastikt\u00fcten, Verpackungsmaterial, zwei Autoreifen, eine Autobatterie, ein Fahrradsattel und jede Menge Zigarettenkippen: Bei einer M\u00fcllsammelaktion der Berufsschule der Handwerkskammer L\u00fcbeck auf dem Priwall kam viel zusammen. Insgesamt 162 Kilogramm Unrat brachten die 120 Sch\u00fcler aus sechs Klassen der Bildungseinrichtung zum Abschluss des einst\u00fcndigen Unternehmens zur Entsorgungsstation der Berufsbildungsst\u00e4tte. Die Aktion war eine Idee der Sch\u00fclervertretung (SV). \u201eWir sind alle sehr daran interessiert, dass der Priwall sauber ist\u201c, erkl\u00e4rte SV-Sprecher Moritz Markward. Unterst\u00fctzung fanden die Sch\u00fcler bei ihrem Verbindungslehrer Hilko R\u00f6gener.<\/p>\n<p>Vorausgegangen war eine nahezu generalstabsm\u00e4\u00dfige Vorbereitung: Jede Gruppe erhielt einen Plan mit einer genauen Einteilung der Sammelbereiche. Gesammelt wurde in fast allen Bereichen &#8211; am Strand, entlang der Mecklenburger Landstra\u00dfe und der Wiekstra\u00dfe, im Naturschutzgebiet S\u00fcdlicher Priwall sowie im Wald an den Waterfront-Villen. [\u2026] Schulleiter Michael Blau freute sich \u00fcber das Engagement der jungen Menschen und sagte: \u201eAuch im Unterricht ist eine hohe Sensibilit\u00e4t der Sch\u00fcler f\u00fcr die Umwelt festzustellen.\u201c Die Aktion wollen die Klassen im n\u00e4chsten Jahr wiederholen.<\/p>\n<p>Von Thomas Krohn<\/p>\n","protected":false},"excerpt":{"rendered":"<p>Sch\u00fcler erteilen dem M\u00fcll eine Abfuhr Aktion der Berufsschule der Handwerkskammer L\u00fcbeck auf dem Priwall Travem\u00fcnde. Flaschen, Dosen, Plastikt\u00fcten, Verpackungsmaterial, zwei Autoreifen, eine Autobatterie, ein Fahrradsattel und jede Menge Zigarettenkippen: Bei einer M\u00fcllsammelaktion der Berufsschule der Handwerkskammer L\u00fcbeck auf dem Priwall kam viel zusammen. Insgesamt 162 Kilogramm Unrat brachten die 120 Sch\u00fcler aus sechs Klassen [&hellip;]<\/p>\n","protected":false},"author":5,"featured_media":3469,"comment_status":"closed","ping_status":"closed","sticky":false,"template":"","format":"standard","meta":{"_et_pb_use_builder":"","_et_pb_old_content":"","_et_gb_content_width":"","footnotes":""},"categories":[25],"tags":[],"class_list":["post-3468","post","type-post","status-publish","format-standard","has-post-thumbnail","hentry","category-aktuelles-berufsschule"],"_links":{"self":[{"href":"https:\/\/berufsschule-der-handwerkskammer-luebeck.de\/index.php\/wp-json\/wp\/v2\/posts\/3468","targetHints":{"allow":["GET"]}}],"collection":[{"href":"https:\/\/berufsschule-der-handwerkskammer-luebeck.de\/index.php\/wp-json\/wp\/v2\/posts"}],"about":[{"href":"https:\/\/berufsschule-der-handwerkskammer-luebeck.de\/index.php\/wp-json\/wp\/v2\/types\/post"}],"author":[{"embeddable":true,"href":"https:\/\/berufsschule-der-handwerkskammer-luebeck.de\/index.php\/wp-json\/wp\/v2\/users\/5"}],"replies":[{"embeddable":true,"href":"https:\/\/berufsschule-der-handwerkskammer-luebeck.de\/index.php\/wp-json\/wp\/v2\/comments?post=3468"}],"version-history":[{"count":0,"href":"https:\/\/berufsschule-der-handwerkskammer-luebeck.de\/index.php\/wp-json\/wp\/v2\/posts\/3468\/revisions"}],"wp:featuredmedia":[{"embeddable":true,"href":"https:\/\/berufsschule-der-handwerkskammer-luebeck.de\/index.php\/wp-json\/wp\/v2\/media\/3469"}],"wp:attachment":[{"href":"https:\/\/berufsschule-der-handwerkskammer-luebeck.de\/index.php\/wp-json\/wp\/v2\/media?parent=3468"}],"wp:term":[{"taxonomy":"category","embeddable":true,"href":"https:\/\/berufsschule-der-handwerkskammer-luebeck.de\/index.php\/wp-json\/wp\/v2\/categories?post=3468"},{"taxonomy":"post_tag","embeddable":true,"href":"https:\/\/berufsschule-der-handwerkskammer-luebeck.de\/index.php\/wp-json\/wp\/v2\/tags?post=3468"}],"curies":[{"name":"wp","href":"https:\/\/api.w.org\/{rel}","templated":true}]}}