{"id":3462,"date":"2019-08-26T11:02:44","date_gmt":"2019-08-26T09:02:44","guid":{"rendered":"https:\/\/berufsschule-der-handwerkskammer-luebeck.de\/?p=3462"},"modified":"2019-08-26T11:06:51","modified_gmt":"2019-08-26T09:06:51","slug":"gesellenpruefung-der-bootsbauer-im-februar-2019","status":"publish","type":"post","link":"https:\/\/berufsschule-der-handwerkskammer-luebeck.de\/index.php\/2019\/08\/26\/gesellenpruefung-der-bootsbauer-im-februar-2019\/","title":{"rendered":"Gesellenpr\u00fcfung der Bootsbauer im Februar 2019"},"content":{"rendered":"<p>Im Januar und Februar 2019 fand die Gesellenpr\u00fcfung Teil 2 des Jahrgangs 2015 in den Klassenr\u00e4umen und Werkst\u00e4tten<strong> Landesberufsschule f\u00fcr Bootsbauer in L\u00fcbeck-Travem\u00fcnde<\/strong> statt. Insgesamt konnten 68 Pr\u00fcflinge aus 13 Bundesl\u00e4ndern ihre Ausbildung beenden. In der Fachrichtung Neu-, Aus- und Umbau (NAU) schlossen 39 Sch\u00fcler und 7 Sch\u00fclerinnen ihre Ausbildung erfolgreich ab, in der Fachrichtung Technik (T) waren es 20 Sch\u00fcler und 2 Sch\u00fclerinnen. Mit den 22 Sch\u00fclern und 2 Sch\u00fclerinnen des Jahrganges, die bereits ein halbes Jahr vorher im Sommer 2018 ihre Ausbildung vorzeitig verk\u00fcrzt beendeten, absolvierten also insgesamt 90 Junggesellen und Junggesellinnen des Jahrganges 2015 erfolgreich ihre Pr\u00fcfungen. Nach Abschluss der Pr\u00fcfungen lud die <strong>Bootsbauerinnung Schleswig-Holstein<\/strong> in das Hotel Radisson Blue in der Hansestadt L\u00fcbeck ein, wo w\u00e4hrend einer stimmungsvollen Freisprechungsfeier mit 260 G\u00e4sten im Beisein des Staatssekret\u00e4rs Herrn N\u00e4gele aus Berlin und des Wirtschaftssenators der Stadt L\u00fcbeck Herrn Schindler die Absolventen in den Gesellenstand erhoben wurden.<\/p>\n","protected":false},"excerpt":{"rendered":"<p>Im Januar und Februar 2019 fand die Gesellenpr\u00fcfung Teil 2 des Jahrgangs 2015 in den Klassenr\u00e4umen und Werkst\u00e4tten Landesberufsschule f\u00fcr Bootsbauer in L\u00fcbeck-Travem\u00fcnde statt. Insgesamt konnten 68 Pr\u00fcflinge aus 13 Bundesl\u00e4ndern ihre Ausbildung beenden. In der Fachrichtung Neu-, Aus- und Umbau (NAU) schlossen 39 Sch\u00fcler und 7 Sch\u00fclerinnen ihre Ausbildung erfolgreich ab, in der Fachrichtung [&hellip;]<\/p>\n","protected":false},"author":5,"featured_media":3463,"comment_status":"closed","ping_status":"closed","sticky":false,"template":"","format":"standard","meta":{"_et_pb_use_builder":"","_et_pb_old_content":"","_et_gb_content_width":"","footnotes":""},"categories":[19],"tags":[],"class_list":["post-3462","post","type-post","status-publish","format-standard","has-post-thumbnail","hentry","category-aktuelles-bootsbauer"],"_links":{"self":[{"href":"https:\/\/berufsschule-der-handwerkskammer-luebeck.de\/index.php\/wp-json\/wp\/v2\/posts\/3462","targetHints":{"allow":["GET"]}}],"collection":[{"href":"https:\/\/berufsschule-der-handwerkskammer-luebeck.de\/index.php\/wp-json\/wp\/v2\/posts"}],"about":[{"href":"https:\/\/berufsschule-der-handwerkskammer-luebeck.de\/index.php\/wp-json\/wp\/v2\/types\/post"}],"author":[{"embeddable":true,"href":"https:\/\/berufsschule-der-handwerkskammer-luebeck.de\/index.php\/wp-json\/wp\/v2\/users\/5"}],"replies":[{"embeddable":true,"href":"https:\/\/berufsschule-der-handwerkskammer-luebeck.de\/index.php\/wp-json\/wp\/v2\/comments?post=3462"}],"version-history":[{"count":0,"href":"https:\/\/berufsschule-der-handwerkskammer-luebeck.de\/index.php\/wp-json\/wp\/v2\/posts\/3462\/revisions"}],"wp:featuredmedia":[{"embeddable":true,"href":"https:\/\/berufsschule-der-handwerkskammer-luebeck.de\/index.php\/wp-json\/wp\/v2\/media\/3463"}],"wp:attachment":[{"href":"https:\/\/berufsschule-der-handwerkskammer-luebeck.de\/index.php\/wp-json\/wp\/v2\/media?parent=3462"}],"wp:term":[{"taxonomy":"category","embeddable":true,"href":"https:\/\/berufsschule-der-handwerkskammer-luebeck.de\/index.php\/wp-json\/wp\/v2\/categories?post=3462"},{"taxonomy":"post_tag","embeddable":true,"href":"https:\/\/berufsschule-der-handwerkskammer-luebeck.de\/index.php\/wp-json\/wp\/v2\/tags?post=3462"}],"curies":[{"name":"wp","href":"https:\/\/api.w.org\/{rel}","templated":true}]}}