{"id":2981,"date":"2018-06-10T11:24:49","date_gmt":"2018-06-10T09:24:49","guid":{"rendered":"https:\/\/berufsschule-der-handwerkskammer-luebeck.de\/?p=2981"},"modified":"2022-02-09T16:42:31","modified_gmt":"2022-02-09T15:42:31","slug":"verabschiedung-des-langjaehrigen-schulleiters-in-den-ruhestand","status":"publish","type":"post","link":"https:\/\/berufsschule-der-handwerkskammer-luebeck.de\/index.php\/2018\/06\/10\/verabschiedung-des-langjaehrigen-schulleiters-in-den-ruhestand\/","title":{"rendered":"Verabschiedung des langj\u00e4hrigen Schulleiters in den Ruhestand"},"content":{"rendered":"<p>[et_pb_section fb_built=&#8220;1&#8243; _builder_version=&#8220;3.22&#8243;][et_pb_row _builder_version=&#8220;3.25&#8243; background_size=&#8220;initial&#8220; background_position=&#8220;top_left&#8220; background_repeat=&#8220;repeat&#8220;][et_pb_column type=&#8220;4_4&#8243; _builder_version=&#8220;3.25&#8243; custom_padding=&#8220;|||&#8220; custom_padding__hover=&#8220;|||&#8220;][et_pb_text _builder_version=&#8220;4.6.1&#8243; custom_padding=&#8220;0px||0px|||&#8220;]<\/p>\n<p><strong style=\"font-size: 14px;\"><u>\u201eStab\u00fcbergabe\u201c der Schulleitung an der Berufsschule der Handwerkskammer L\u00fcbeck<\/u><\/strong><\/p>\n<p>Am 29.01.2018 lud die Handwerkskammer L\u00fcbeck als Schultr\u00e4ger zur Verabschiedung des Schulleiters <strong>Oberstudiendirektor Bodo Kroll<\/strong> in den verdienten Ruhestand ein.<\/p>\n<p>Die Veranstaltung in den R\u00e4umlichkeiten der Handwerkskammer L\u00fcbeck er\u00f6ffnete der <strong>Pr\u00e4sident der Handwerkskammer L\u00fcbeck Herr G\u00fcnther Stapelfeldt<\/strong> feierlich und hob die erfolgreiche und beispielhafte Arbeit des Verbundes der Handwerkskammer mit der Berufsschule hervor.<\/p>\n<p>Zahlreiche Gastredner u.a. auch der Nachfolger ab Februar 2018 und neue Schulleiter Herr <strong>Oberstudiendirektor Michael Blau<\/strong> w\u00fcrdigten im Anschluss die Verdienste Herrn Krolls f\u00fcr die Berufsschule der Handwerkskammer L\u00fcbeck und die bildungspolitische Arbeit im Land Schleswig-Holstein. Herr Michael Blau, der bisherige Stellvertretende Schulleiter, erw\u00e4hnte ausdr\u00fccklich die gute und innovative Zusammenarbeit in den letzten Jahren, in denen die Schulentwicklung mit der Handwerkskammer L\u00fcbeck dynamisch vorangebracht werden konnte.<\/p>\n<p>Von der maritimen Partnerschule aus La Rochelle, Frankreich, war eigens der Abteilungsleiter <strong>Herr Renaldini<\/strong> in Begleitung mit der <strong>Kollegin Frau Gady<\/strong> angereist, um seinen langj\u00e4hrigen p\u00e4dagogischen Partner und Freund zu verabschieden.<\/p>\n<p>Ab 1999 \u00fcbernahm Herr Kroll die neu gegr\u00fcndete Berufsschule mit dem Hauptsitz auf dem Priwall, deren Schultr\u00e4ger die Handwerkskammer L\u00fcbeck ist. Unter seiner Leitung haben sich die Sch\u00fclerzahlen entgegen des bundesweiten Trends nahezu verdoppelt. P\u00e4dagogische Konzepte, wie die Lernortkooperation nach dem \u201eTravem\u00fcnder Modell\u201c wurden entwickelt, in die Struktur des Berufsbildungscampus L\u00fcbeck-Travem\u00fcnde implementiert und trugen zur Entwicklung der Berufsschule bei, wie Festredner betonten.<\/p>\n<p>Die Berufsschule der Handwerkskammer L\u00fcbeck ist mittlerweile die zweitgr\u00f6\u00dfte Berufsschule des Landes und wird voraussichtlich 2025 gemeinsam mit dem Schultr\u00e4ger neue R\u00e4umlichkeiten im L\u00fcbecker Gewerbegebiet Genin beziehen. Auch diese wichtige Zukunftsplanung wurde von Herrn Kroll ma\u00dfgeblich begleitet.<\/p>\n<p>Die <strong>Staatssekret\u00e4rin des Ministeriums f\u00fcr Bildung, Wissenschaft und Kultur, Frau Dr. Dorit Stenke<\/strong>, versetzte Herrn Kroll offiziell in den Ruhestand, nicht, ohne sich mit einer Bitte an ihn zu wenden, dass man bei aktuellen bildungspolitischen Fragen gern auf seine p\u00e4dagogischen Erfahrungen zur\u00fcckgreifen w\u00fcrde.<\/p>\n<p><img decoding=\"async\" src=\"https:\/\/berufsschule-der-handwerkskammer-luebeck.de\/wp-content\/uploads\/Praesident-HWK-e1644420901644.jpg\" \/><img decoding=\"async\" src=\"https:\/\/berufsschule-der-handwerkskammer-luebeck.de\/wp-content\/uploads\/Kroll-1-e1644420957390.jpg\" \/><\/p>\n<p>[\/et_pb_text][et_pb_text _builder_version=&#8220;4.6.1&#8243; _module_preset=&#8220;default&#8220;]<\/p>\n<p>Das gesamte Kollegium aller sieben Landesberufsschulen dankte Herrn Kroll f\u00fcr die geleistete Arbeit und vertrauensvolle Zusammenarbeit \u00fcber die lange Amtszeit hinweg und w\u00fcnschte ihm alles Gute f\u00fcr den wohlverdienten Ruhestand.<\/p>\n<p>[\/et_pb_text][et_pb_image src=&#8220;https:\/\/berufsschule-der-handwerkskammer-luebeck.de\/wp-content\/uploads\/2.jpg&#8220; title_text=&#8220;Kroll&#8220; align_tablet=&#8220;center&#8220; align_phone=&#8220;&#8220; align_last_edited=&#8220;on|desktop&#8220; _builder_version=&#8220;4.6.1&#8243;][\/et_pb_image][\/et_pb_column][\/et_pb_row][\/et_pb_section]<\/p>\n","protected":false},"excerpt":{"rendered":"<p>\u201eStab\u00fcbergabe\u201c der Schulleitung an der Berufsschule der Handwerkskammer L\u00fcbeck Am 29.01.2018 lud die Handwerkskammer L\u00fcbeck als Schultr\u00e4ger zur Verabschiedung des Schulleiters Oberstudiendirektor Bodo Kroll in den verdienten Ruhestand ein. Die Veranstaltung in den R\u00e4umlichkeiten der Handwerkskammer L\u00fcbeck er\u00f6ffnete der Pr\u00e4sident der Handwerkskammer L\u00fcbeck Herr G\u00fcnther Stapelfeldt feierlich und hob die erfolgreiche und beispielhafte Arbeit des [&hellip;]<\/p>\n","protected":false},"author":5,"featured_media":2985,"comment_status":"closed","ping_status":"closed","sticky":false,"template":"","format":"standard","meta":{"_et_pb_use_builder":"on","_et_pb_old_content":"","_et_gb_content_width":"","footnotes":""},"categories":[1],"tags":[],"class_list":["post-2981","post","type-post","status-publish","format-standard","has-post-thumbnail","hentry","category-gaestebuch"],"_links":{"self":[{"href":"https:\/\/berufsschule-der-handwerkskammer-luebeck.de\/index.php\/wp-json\/wp\/v2\/posts\/2981","targetHints":{"allow":["GET"]}}],"collection":[{"href":"https:\/\/berufsschule-der-handwerkskammer-luebeck.de\/index.php\/wp-json\/wp\/v2\/posts"}],"about":[{"href":"https:\/\/berufsschule-der-handwerkskammer-luebeck.de\/index.php\/wp-json\/wp\/v2\/types\/post"}],"author":[{"embeddable":true,"href":"https:\/\/berufsschule-der-handwerkskammer-luebeck.de\/index.php\/wp-json\/wp\/v2\/users\/5"}],"replies":[{"embeddable":true,"href":"https:\/\/berufsschule-der-handwerkskammer-luebeck.de\/index.php\/wp-json\/wp\/v2\/comments?post=2981"}],"version-history":[{"count":0,"href":"https:\/\/berufsschule-der-handwerkskammer-luebeck.de\/index.php\/wp-json\/wp\/v2\/posts\/2981\/revisions"}],"wp:featuredmedia":[{"embeddable":true,"href":"https:\/\/berufsschule-der-handwerkskammer-luebeck.de\/index.php\/wp-json\/wp\/v2\/media\/2985"}],"wp:attachment":[{"href":"https:\/\/berufsschule-der-handwerkskammer-luebeck.de\/index.php\/wp-json\/wp\/v2\/media?parent=2981"}],"wp:term":[{"taxonomy":"category","embeddable":true,"href":"https:\/\/berufsschule-der-handwerkskammer-luebeck.de\/index.php\/wp-json\/wp\/v2\/categories?post=2981"},{"taxonomy":"post_tag","embeddable":true,"href":"https:\/\/berufsschule-der-handwerkskammer-luebeck.de\/index.php\/wp-json\/wp\/v2\/tags?post=2981"}],"curies":[{"name":"wp","href":"https:\/\/api.w.org\/{rel}","templated":true}]}}