{"id":1667,"date":"2016-03-07T08:13:18","date_gmt":"2016-03-07T07:13:18","guid":{"rendered":"https:\/\/berufsschule-der-handwerkskammer-luebeck.de\/?p=1667"},"modified":"2016-11-11T11:32:39","modified_gmt":"2016-11-11T10:32:39","slug":"tag-des-handwerks-2013","status":"publish","type":"post","link":"https:\/\/berufsschule-der-handwerkskammer-luebeck.de\/index.php\/2016\/03\/07\/tag-des-handwerks-2013\/","title":{"rendered":"Tag des Handwerks 2013"},"content":{"rendered":"<p>[et_pb_section admin_label=&#8220;section&#8220;][et_pb_row admin_label=&#8220;row&#8220;][et_pb_column type=&#8220;4_4&#8243;][et_pb_text admin_label=&#8220;Text&#8220; background_layout=&#8220;light&#8220; text_orientation=&#8220;left&#8220; use_border_color=&#8220;off&#8220; border_color=&#8220;#ffffff&#8220; border_style=&#8220;solid&#8220;]<\/p>\n<p>Bericht \u00fcber die Beteiligung der Landesberufsschulen f\u00fcr Bootsbauer und Segelmacher am Ausstellungsstand der Landesinnung Bootsbauer Schleswig-Holstein<br \/>\nanl\u00e4sslich der Veranstaltung &gt;Tag des Handwerks&lt; auf dem Marktplatz in L\u00fcbeck am 21.09.2013<\/p>\n<p>Die Kreishandwerkerschaft und die Handwerkskammer L\u00fcbeck veranstalteten am 21.09.2013 auf dem Marktplatz in L\u00fcbeck einen &gt;Tag des Handwerks&lt;.<br \/>\nDazu waren Pagodenzelte aufgebaut worden, in denen sich die einzelnen Handwerks-berufe pr\u00e4sentieren konnten.<br \/>\n4 Bootsbau-Sch\u00fcler sowie die Kollegen Britta Rosehr, Christian Hopp und Joachim Thomsen haben dort den Stand der Landesinnung der Bootsbauer und der Landesinnung der Segelmacher Schleswig-Holsteins unter der Koordination des Innungsgesch\u00e4ftsf\u00fchrers Peter Kramarczyk durch berufspraktische Arbeitspl\u00e4tze erg\u00e4nzt; sie pr\u00e4sentierten die Bereiche Holzbootsbau durch Schn\u00fcrbodenarbeit und Mallspantbau, Einbau und Wartung technischer Anlagen mittels Dieselmotor und Z-Antrieb und Segelmacherei durch das Einschlagen von \u00d6sen und Splei\u00dfarbeiten an vorgefertigten kleinen Segels\u00e4cken. Kindern und jugendliche Besucher konnten sich daran auf dem Stand aktiv beteiligen.<br \/>\nGegen eine Spende zugunsten des Lesef\u00f6rdervereins Mentor e.V. konnten die fertigen Produkte erworben werden. So konnte ein Gesamtbetrag von ca. 300.- \u20ac gesammelt werden.<br \/>\nMit einigen Ausstellungsbesuchern wurden Gespr\u00e4che \u00fcber die Voraussetzungen und den Verlauf der Ausbildung zum Bootsbauer\/Segelmacher gef\u00fchrt.<\/p>\n<p>[\/et_pb_text][et_pb_gallery admin_label=&#8220;Galerie&#8220; gallery_ids=&#8220;1668,1669,1670,1671&#8243; fullwidth=&#8220;off&#8220; show_title_and_caption=&#8220;off&#8220; show_pagination=&#8220;on&#8220; background_layout=&#8220;light&#8220; auto=&#8220;off&#8220; hover_overlay_color=&#8220;rgba(255,255,255,0.9)&#8220; caption_all_caps=&#8220;off&#8220; use_border_color=&#8220;off&#8220; border_color=&#8220;#ffffff&#8220; border_style=&#8220;solid&#8220; \/][\/et_pb_column][\/et_pb_row][\/et_pb_section]<\/p>\n","protected":false},"excerpt":{"rendered":"<p>Bericht \u00fcber die Beteiligung der Landesberufsschulen f\u00fcr Bootsbauer und Segelmacher am Ausstellungsstand der Landesinnung Bootsbauer Schleswig-Holstein anl\u00e4sslich der Veranstaltung &gt;Tag des Handwerks&lt; auf dem Marktplatz in L\u00fcbeck am 21.09.2013 Die Kreishandwerkerschaft und die Handwerkskammer L\u00fcbeck veranstalteten am 21.09.2013 auf dem Marktplatz in L\u00fcbeck einen &gt;Tag des Handwerks&lt;. Dazu waren Pagodenzelte aufgebaut worden, in denen sich [&hellip;]<\/p>\n","protected":false},"author":1,"featured_media":0,"comment_status":"closed","ping_status":"closed","sticky":false,"template":"","format":"standard","meta":{"_et_pb_use_builder":"on","_et_pb_old_content":"","_et_gb_content_width":"","footnotes":""},"categories":[19],"tags":[],"class_list":["post-1667","post","type-post","status-publish","format-standard","hentry","category-aktuelles-bootsbauer"],"_links":{"self":[{"href":"https:\/\/berufsschule-der-handwerkskammer-luebeck.de\/index.php\/wp-json\/wp\/v2\/posts\/1667","targetHints":{"allow":["GET"]}}],"collection":[{"href":"https:\/\/berufsschule-der-handwerkskammer-luebeck.de\/index.php\/wp-json\/wp\/v2\/posts"}],"about":[{"href":"https:\/\/berufsschule-der-handwerkskammer-luebeck.de\/index.php\/wp-json\/wp\/v2\/types\/post"}],"author":[{"embeddable":true,"href":"https:\/\/berufsschule-der-handwerkskammer-luebeck.de\/index.php\/wp-json\/wp\/v2\/users\/1"}],"replies":[{"embeddable":true,"href":"https:\/\/berufsschule-der-handwerkskammer-luebeck.de\/index.php\/wp-json\/wp\/v2\/comments?post=1667"}],"version-history":[{"count":0,"href":"https:\/\/berufsschule-der-handwerkskammer-luebeck.de\/index.php\/wp-json\/wp\/v2\/posts\/1667\/revisions"}],"wp:attachment":[{"href":"https:\/\/berufsschule-der-handwerkskammer-luebeck.de\/index.php\/wp-json\/wp\/v2\/media?parent=1667"}],"wp:term":[{"taxonomy":"category","embeddable":true,"href":"https:\/\/berufsschule-der-handwerkskammer-luebeck.de\/index.php\/wp-json\/wp\/v2\/categories?post=1667"},{"taxonomy":"post_tag","embeddable":true,"href":"https:\/\/berufsschule-der-handwerkskammer-luebeck.de\/index.php\/wp-json\/wp\/v2\/tags?post=1667"}],"curies":[{"name":"wp","href":"https:\/\/api.w.org\/{rel}","templated":true}]}}